{"id":30865,"date":"2025-12-11T11:57:18","date_gmt":"2025-12-11T10:57:18","guid":{"rendered":"https:\/\/www.unidav.it\/?p=30865"},"modified":"2025-12-11T12:00:15","modified_gmt":"2025-12-11T11:00:15","slug":"educazione-al-consumo-la-consapevolezza-come-prima-forma-di-tutela","status":"publish","type":"post","link":"https:\/\/www.unidav.it\/index.php\/news\/news-sito\/educazione-al-consumo-la-consapevolezza-come-prima-forma-di-tutela\/","title":{"rendered":"EDUCAZIONE AL CONSUMO LA CONSAPEVOLEZZA COME PRIMA FORMA DI TUTELA"},"content":{"rendered":"\n<p><strong style=\"white-space: normal;\">Venerd\u00ec 12 Dicembre 2025 15:00 &#8211; 19:00<\/strong><\/p>\n\n\n\n<p class=\"p1\" style=\"text-align: center;\"><strong>Venerd\u00ec 12 Dicembre 2025 15:00 &#8211; 19:00<\/strong><\/p>\n<p class=\"p3\" style=\"text-align: center;\"><strong>Universit\u00e0 degli Studi \u201cG, d\u2019Annunzio\u201d Polo di Pescara Aula 31<\/strong><\/p>\n<p>\u00a0<\/p>\n<p class=\"p3\">S<strong>egreteria organizzativa: <\/strong>Sara de Lucia (sara.delucia@unich.it)<\/p>\n<p>\u00a0<\/p>\n<p style=\"text-align: center;\"><a href=\"https:\/\/teams.microsoft.com\/meet\/34721416185687?p=ZRrCzUD44tfGh0FQOu\"><strong>Link collegamento Teams &gt;&gt;&gt;<\/strong><\/a><\/p>\n<p>\u00a0<\/p>\n<p class=\"p1\">Evento accreditato per gli studenti dei Corsi di laurea della Scuola delle Scienze Economiche,<\/p>\n<p class=\"p1\">Aziendali, Giuridiche e Sociologiche (0,5 CFU lett. F)<\/p>\n<p>\u00a0<\/p>\n\n\n\n<p><\/p>\n\n\n\n<p><strong> <\/strong><\/p>\n\n\n\n<div style=\"height:15px\" aria-hidden=\"true\" class=\"wp-block-spacer\"><\/div>\n\n\n\n<div style=\"height:20px\" aria-hidden=\"true\" class=\"wp-block-spacer\"><\/div>\n\n\n\n<p><\/p>\n\n\n\n\n<a href=\"https:\/\/www.unidav.it\/wp-content\/uploads\/educazione-al-consumo-locandina.pdf\" class=\"pdfemb-viewer\" style=\"\" data-width=\"max\" data-height=\"max\" data-toolbar=\"bottom\" data-toolbar-fixed=\"off\">educazione-al-consumo-locandina<\/a>\n\n\n\n\n","protected":false},"excerpt":{"rendered":"<p>Venerd\u00ec 12 Dicembre 2025 15:00 &#8211; 19:00 Venerd\u00ec 12 Dicembre 2025 15:00 &#8211; 19:00 Universit\u00e0 degli Studi \u201cG, d\u2019Annunzio\u201d Polo [&hellip;]<\/p>\n","protected":false},"author":9,"featured_media":25219,"comment_status":"closed","ping_status":"open","sticky":false,"template":"","format":"standard","meta":{"footnotes":"","_links_to":"","_links_to_target":""},"categories":[212,340,168,127,167,166,139,117,179,134,146],"tags":[],"class_list":["post-30865","post","type-post","status-publish","format-standard","has-post-thumbnail","hentry","category-studenti","category-dottorato-39","category-dottorato-di-ricerca","category-master","category-master-area-sanitaria","category-master-area-scuola","category-master-w-academy","category-news","category-news-dottorato","category-news-master","category-news-sito"],"yoast_head":"<!-- This site is optimized with the Yoast SEO plugin v26.7 - https:\/\/yoast.com\/wordpress\/plugins\/seo\/ -->\r\n<title>EDUCAZIONE AL CONSUMO LA CONSAPEVOLEZZA COME PRIMA FORMA DI TUTELA - Unidav.it<\/title>\r\n<meta name=\"description\" content=\"EDUCAZIONE AL CONSUMO LA CONSAPEVOLEZZA COME PRIMA FORMA DI TUTELA Venerd\u00ec 12 Dicembre 2025 15:00 - 19:00Universit\u00e0 degli Studi \u201cG, d\u2019Annunzio\u201d Polo di Pescara Aula 31\" \/>\r\n<meta name=\"robots\" content=\"index, follow, max-snippet:-1, max-image-preview:large, max-video-preview:-1\" \/>\r\n<link rel=\"canonical\" href=\"https:\/\/www.unidav.it\/index.php\/news\/news-sito\/educazione-al-consumo-la-consapevolezza-come-prima-forma-di-tutela\/\" \/>\r\n<meta property=\"og:locale\" content=\"it_IT\" \/>\r\n<meta property=\"og:type\" content=\"article\" \/>\r\n<meta property=\"og:title\" content=\"EDUCAZIONE AL CONSUMO LA CONSAPEVOLEZZA COME PRIMA FORMA DI TUTELA - Unidav.it\" \/>\r\n<meta property=\"og:description\" content=\"EDUCAZIONE AL CONSUMO LA CONSAPEVOLEZZA COME PRIMA FORMA DI TUTELA Venerd\u00ec 12 Dicembre 2025 15:00 - 19:00Universit\u00e0 degli Studi \u201cG, d\u2019Annunzio\u201d Polo di Pescara Aula 31\" \/>\r\n<meta property=\"og:url\" content=\"https:\/\/www.unidav.it\/index.php\/news\/news-sito\/educazione-al-consumo-la-consapevolezza-come-prima-forma-di-tutela\/\" \/>\r\n<meta property=\"og:site_name\" content=\"Unidav.it\" \/>\r\n<meta property=\"article:publisher\" content=\"https:\/\/www.facebook.com\/unidav.it\/\" \/>\r\n<meta property=\"article:published_time\" content=\"2025-12-11T10:57:18+00:00\" \/>\r\n<meta property=\"article:modified_time\" content=\"2025-12-11T11:00:15+00:00\" \/>\r\n<meta property=\"og:image\" content=\"https:\/\/www.unidav.it\/wp-content\/uploads\/IMG_7748.jpg\" \/>\r\n\t<meta property=\"og:image:width\" content=\"1179\" \/>\r\n\t<meta property=\"og:image:height\" content=\"1152\" \/>\r\n\t<meta property=\"og:image:type\" content=\"image\/jpeg\" \/>\r\n<meta name=\"author\" content=\"Piero Zulli\" \/>\r\n<meta name=\"twitter:card\" content=\"summary_large_image\" \/>\r\n<meta name=\"twitter:label1\" content=\"Scritto da\" \/>\n\t<meta name=\"twitter:data1\" content=\"Piero Zulli\" \/>\n\t<meta name=\"twitter:label2\" content=\"Tempo di lettura stimato\" \/>\n\t<meta name=\"twitter:data2\" content=\"1 minuto\" \/>\r\n<script type=\"application\/ld+json\" class=\"yoast-schema-graph\">{\"@context\":\"https:\/\/schema.org\",\"@graph\":[{\"@type\":\"Article\",\"@id\":\"https:\/\/www.unidav.it\/index.php\/news\/news-sito\/educazione-al-consumo-la-consapevolezza-come-prima-forma-di-tutela\/#article\",\"isPartOf\":{\"@id\":\"https:\/\/www.unidav.it\/index.php\/news\/news-sito\/educazione-al-consumo-la-consapevolezza-come-prima-forma-di-tutela\/\"},\"author\":{\"name\":\"Piero Zulli\",\"@id\":\"https:\/\/www.unidav.it\/#\/schema\/person\/15ead7381448fc6347b5ba5918c0278d\"},\"headline\":\"EDUCAZIONE AL CONSUMO LA CONSAPEVOLEZZA COME PRIMA FORMA DI TUTELA\",\"datePublished\":\"2025-12-11T10:57:18+00:00\",\"dateModified\":\"2025-12-11T11:00:15+00:00\",\"mainEntityOfPage\":{\"@id\":\"https:\/\/www.unidav.it\/index.php\/news\/news-sito\/educazione-al-consumo-la-consapevolezza-come-prima-forma-di-tutela\/\"},\"wordCount\":76,\"image\":{\"@id\":\"https:\/\/www.unidav.it\/index.php\/news\/news-sito\/educazione-al-consumo-la-consapevolezza-come-prima-forma-di-tutela\/#primaryimage\"},\"thumbnailUrl\":\"https:\/\/www.unidav.it\/wp-content\/uploads\/IMG_7748.jpg\",\"articleSection\":[\"00-Studenti\",\"dottorato 39\",\"Dottorato di Ricerca\",\"Master\",\"Master Area Sanitaria\",\"Master Area Scuola\",\"Master w.academy\",\"News\",\"News - Dottorato\",\"News - Master\",\"News - Sito\"],\"inLanguage\":\"it-IT\"},{\"@type\":\"WebPage\",\"@id\":\"https:\/\/www.unidav.it\/index.php\/news\/news-sito\/educazione-al-consumo-la-consapevolezza-come-prima-forma-di-tutela\/\",\"url\":\"https:\/\/www.unidav.it\/index.php\/news\/news-sito\/educazione-al-consumo-la-consapevolezza-come-prima-forma-di-tutela\/\",\"name\":\"EDUCAZIONE AL CONSUMO LA CONSAPEVOLEZZA COME PRIMA FORMA DI TUTELA - Unidav.it\",\"isPartOf\":{\"@id\":\"https:\/\/www.unidav.it\/#website\"},\"primaryImageOfPage\":{\"@id\":\"https:\/\/www.unidav.it\/index.php\/news\/news-sito\/educazione-al-consumo-la-consapevolezza-come-prima-forma-di-tutela\/#primaryimage\"},\"image\":{\"@id\":\"https:\/\/www.unidav.it\/index.php\/news\/news-sito\/educazione-al-consumo-la-consapevolezza-come-prima-forma-di-tutela\/#primaryimage\"},\"thumbnailUrl\":\"https:\/\/www.unidav.it\/wp-content\/uploads\/IMG_7748.jpg\",\"datePublished\":\"2025-12-11T10:57:18+00:00\",\"dateModified\":\"2025-12-11T11:00:15+00:00\",\"author\":{\"@id\":\"https:\/\/www.unidav.it\/#\/schema\/person\/15ead7381448fc6347b5ba5918c0278d\"},\"description\":\"EDUCAZIONE AL CONSUMO LA CONSAPEVOLEZZA COME PRIMA FORMA DI TUTELA Venerd\u00ec 12 Dicembre 2025 15:00 - 19:00Universit\u00e0 degli Studi \u201cG, d\u2019Annunzio\u201d Polo di Pescara Aula 31\",\"breadcrumb\":{\"@id\":\"https:\/\/www.unidav.it\/index.php\/news\/news-sito\/educazione-al-consumo-la-consapevolezza-come-prima-forma-di-tutela\/#breadcrumb\"},\"inLanguage\":\"it-IT\",\"potentialAction\":[{\"@type\":\"ReadAction\",\"target\":[\"https:\/\/www.unidav.it\/index.php\/news\/news-sito\/educazione-al-consumo-la-consapevolezza-come-prima-forma-di-tutela\/\"]}]},{\"@type\":\"ImageObject\",\"inLanguage\":\"it-IT\",\"@id\":\"https:\/\/www.unidav.it\/index.php\/news\/news-sito\/educazione-al-consumo-la-consapevolezza-come-prima-forma-di-tutela\/#primaryimage\",\"url\":\"https:\/\/www.unidav.it\/wp-content\/uploads\/IMG_7748.jpg\",\"contentUrl\":\"https:\/\/www.unidav.it\/wp-content\/uploads\/IMG_7748.jpg\",\"width\":1179,\"height\":1152},{\"@type\":\"BreadcrumbList\",\"@id\":\"https:\/\/www.unidav.it\/index.php\/news\/news-sito\/educazione-al-consumo-la-consapevolezza-come-prima-forma-di-tutela\/#breadcrumb\",\"itemListElement\":[{\"@type\":\"ListItem\",\"position\":1,\"name\":\"Home\",\"item\":\"https:\/\/www.unidav.it\/\"},{\"@type\":\"ListItem\",\"position\":2,\"name\":\"EDUCAZIONE AL CONSUMO LA CONSAPEVOLEZZA COME PRIMA FORMA DI TUTELA\"}]},{\"@type\":\"WebSite\",\"@id\":\"https:\/\/www.unidav.it\/#website\",\"url\":\"https:\/\/www.unidav.it\/\",\"name\":\"Unidav.it\",\"description\":\"Universit\u00e0 Digitale Leonardo da Vinci\",\"potentialAction\":[{\"@type\":\"SearchAction\",\"target\":{\"@type\":\"EntryPoint\",\"urlTemplate\":\"https:\/\/www.unidav.it\/?s={search_term_string}\"},\"query-input\":{\"@type\":\"PropertyValueSpecification\",\"valueRequired\":true,\"valueName\":\"search_term_string\"}}],\"inLanguage\":\"it-IT\"},{\"@type\":\"Person\",\"@id\":\"https:\/\/www.unidav.it\/#\/schema\/person\/15ead7381448fc6347b5ba5918c0278d\",\"name\":\"Piero Zulli\",\"image\":{\"@type\":\"ImageObject\",\"inLanguage\":\"it-IT\",\"@id\":\"https:\/\/www.unidav.it\/#\/schema\/person\/image\/\",\"url\":\"https:\/\/secure.gravatar.com\/avatar\/aee28312bbfd352b9856c74d9dfe53c9b6905776f5491c2b3ef7a7b3218afdd8?s=96&d=mm&r=g\",\"contentUrl\":\"https:\/\/secure.gravatar.com\/avatar\/aee28312bbfd352b9856c74d9dfe53c9b6905776f5491c2b3ef7a7b3218afdd8?s=96&d=mm&r=g\",\"caption\":\"Piero Zulli\"},\"url\":\"https:\/\/www.unidav.it\/index.php\/author\/pieropierozulli-it\/\"}]}<\/script>\r\n<!-- \/ Yoast SEO plugin. -->","yoast_head_json":{"title":"EDUCAZIONE AL CONSUMO LA CONSAPEVOLEZZA COME PRIMA FORMA DI TUTELA - Unidav.it","description":"EDUCAZIONE AL CONSUMO LA CONSAPEVOLEZZA COME PRIMA FORMA DI TUTELA Venerd\u00ec 12 Dicembre 2025 15:00 - 19:00Universit\u00e0 degli Studi \u201cG, d\u2019Annunzio\u201d Polo di Pescara Aula 31","robots":{"index":"index","follow":"follow","max-snippet":"max-snippet:-1","max-image-preview":"max-image-preview:large","max-video-preview":"max-video-preview:-1"},"canonical":"https:\/\/www.unidav.it\/index.php\/news\/news-sito\/educazione-al-consumo-la-consapevolezza-come-prima-forma-di-tutela\/","og_locale":"it_IT","og_type":"article","og_title":"EDUCAZIONE AL CONSUMO LA CONSAPEVOLEZZA COME PRIMA FORMA DI TUTELA - Unidav.it","og_description":"EDUCAZIONE AL CONSUMO LA CONSAPEVOLEZZA COME PRIMA FORMA DI TUTELA Venerd\u00ec 12 Dicembre 2025 15:00 - 19:00Universit\u00e0 degli Studi \u201cG, d\u2019Annunzio\u201d Polo di Pescara Aula 31","og_url":"https:\/\/www.unidav.it\/index.php\/news\/news-sito\/educazione-al-consumo-la-consapevolezza-come-prima-forma-di-tutela\/","og_site_name":"Unidav.it","article_publisher":"https:\/\/www.facebook.com\/unidav.it\/","article_published_time":"2025-12-11T10:57:18+00:00","article_modified_time":"2025-12-11T11:00:15+00:00","og_image":[{"width":1179,"height":1152,"url":"https:\/\/www.unidav.it\/wp-content\/uploads\/IMG_7748.jpg","type":"image\/jpeg"}],"author":"Piero Zulli","twitter_card":"summary_large_image","twitter_misc":{"Scritto da":"Piero Zulli","Tempo di lettura stimato":"1 minuto"},"schema":{"@context":"https:\/\/schema.org","@graph":[{"@type":"Article","@id":"https:\/\/www.unidav.it\/index.php\/news\/news-sito\/educazione-al-consumo-la-consapevolezza-come-prima-forma-di-tutela\/#article","isPartOf":{"@id":"https:\/\/www.unidav.it\/index.php\/news\/news-sito\/educazione-al-consumo-la-consapevolezza-come-prima-forma-di-tutela\/"},"author":{"name":"Piero Zulli","@id":"https:\/\/www.unidav.it\/#\/schema\/person\/15ead7381448fc6347b5ba5918c0278d"},"headline":"EDUCAZIONE AL CONSUMO LA CONSAPEVOLEZZA COME PRIMA FORMA DI TUTELA","datePublished":"2025-12-11T10:57:18+00:00","dateModified":"2025-12-11T11:00:15+00:00","mainEntityOfPage":{"@id":"https:\/\/www.unidav.it\/index.php\/news\/news-sito\/educazione-al-consumo-la-consapevolezza-come-prima-forma-di-tutela\/"},"wordCount":76,"image":{"@id":"https:\/\/www.unidav.it\/index.php\/news\/news-sito\/educazione-al-consumo-la-consapevolezza-come-prima-forma-di-tutela\/#primaryimage"},"thumbnailUrl":"https:\/\/www.unidav.it\/wp-content\/uploads\/IMG_7748.jpg","articleSection":["00-Studenti","dottorato 39","Dottorato di Ricerca","Master","Master Area Sanitaria","Master Area Scuola","Master w.academy","News","News - Dottorato","News - Master","News - Sito"],"inLanguage":"it-IT"},{"@type":"WebPage","@id":"https:\/\/www.unidav.it\/index.php\/news\/news-sito\/educazione-al-consumo-la-consapevolezza-come-prima-forma-di-tutela\/","url":"https:\/\/www.unidav.it\/index.php\/news\/news-sito\/educazione-al-consumo-la-consapevolezza-come-prima-forma-di-tutela\/","name":"EDUCAZIONE AL CONSUMO LA CONSAPEVOLEZZA COME PRIMA FORMA DI TUTELA - Unidav.it","isPartOf":{"@id":"https:\/\/www.unidav.it\/#website"},"primaryImageOfPage":{"@id":"https:\/\/www.unidav.it\/index.php\/news\/news-sito\/educazione-al-consumo-la-consapevolezza-come-prima-forma-di-tutela\/#primaryimage"},"image":{"@id":"https:\/\/www.unidav.it\/index.php\/news\/news-sito\/educazione-al-consumo-la-consapevolezza-come-prima-forma-di-tutela\/#primaryimage"},"thumbnailUrl":"https:\/\/www.unidav.it\/wp-content\/uploads\/IMG_7748.jpg","datePublished":"2025-12-11T10:57:18+00:00","dateModified":"2025-12-11T11:00:15+00:00","author":{"@id":"https:\/\/www.unidav.it\/#\/schema\/person\/15ead7381448fc6347b5ba5918c0278d"},"description":"EDUCAZIONE AL CONSUMO LA CONSAPEVOLEZZA COME PRIMA FORMA DI TUTELA Venerd\u00ec 12 Dicembre 2025 15:00 - 19:00Universit\u00e0 degli Studi \u201cG, d\u2019Annunzio\u201d Polo di Pescara Aula 31","breadcrumb":{"@id":"https:\/\/www.unidav.it\/index.php\/news\/news-sito\/educazione-al-consumo-la-consapevolezza-come-prima-forma-di-tutela\/#breadcrumb"},"inLanguage":"it-IT","potentialAction":[{"@type":"ReadAction","target":["https:\/\/www.unidav.it\/index.php\/news\/news-sito\/educazione-al-consumo-la-consapevolezza-come-prima-forma-di-tutela\/"]}]},{"@type":"ImageObject","inLanguage":"it-IT","@id":"https:\/\/www.unidav.it\/index.php\/news\/news-sito\/educazione-al-consumo-la-consapevolezza-come-prima-forma-di-tutela\/#primaryimage","url":"https:\/\/www.unidav.it\/wp-content\/uploads\/IMG_7748.jpg","contentUrl":"https:\/\/www.unidav.it\/wp-content\/uploads\/IMG_7748.jpg","width":1179,"height":1152},{"@type":"BreadcrumbList","@id":"https:\/\/www.unidav.it\/index.php\/news\/news-sito\/educazione-al-consumo-la-consapevolezza-come-prima-forma-di-tutela\/#breadcrumb","itemListElement":[{"@type":"ListItem","position":1,"name":"Home","item":"https:\/\/www.unidav.it\/"},{"@type":"ListItem","position":2,"name":"EDUCAZIONE AL CONSUMO LA CONSAPEVOLEZZA COME PRIMA FORMA DI TUTELA"}]},{"@type":"WebSite","@id":"https:\/\/www.unidav.it\/#website","url":"https:\/\/www.unidav.it\/","name":"Unidav.it","description":"Universit\u00e0 Digitale Leonardo da Vinci","potentialAction":[{"@type":"SearchAction","target":{"@type":"EntryPoint","urlTemplate":"https:\/\/www.unidav.it\/?s={search_term_string}"},"query-input":{"@type":"PropertyValueSpecification","valueRequired":true,"valueName":"search_term_string"}}],"inLanguage":"it-IT"},{"@type":"Person","@id":"https:\/\/www.unidav.it\/#\/schema\/person\/15ead7381448fc6347b5ba5918c0278d","name":"Piero Zulli","image":{"@type":"ImageObject","inLanguage":"it-IT","@id":"https:\/\/www.unidav.it\/#\/schema\/person\/image\/","url":"https:\/\/secure.gravatar.com\/avatar\/aee28312bbfd352b9856c74d9dfe53c9b6905776f5491c2b3ef7a7b3218afdd8?s=96&d=mm&r=g","contentUrl":"https:\/\/secure.gravatar.com\/avatar\/aee28312bbfd352b9856c74d9dfe53c9b6905776f5491c2b3ef7a7b3218afdd8?s=96&d=mm&r=g","caption":"Piero Zulli"},"url":"https:\/\/www.unidav.it\/index.php\/author\/pieropierozulli-it\/"}]}},"_links":{"self":[{"href":"https:\/\/www.unidav.it\/index.php\/wp-json\/wp\/v2\/posts\/30865","targetHints":{"allow":["GET"]}}],"collection":[{"href":"https:\/\/www.unidav.it\/index.php\/wp-json\/wp\/v2\/posts"}],"about":[{"href":"https:\/\/www.unidav.it\/index.php\/wp-json\/wp\/v2\/types\/post"}],"author":[{"embeddable":true,"href":"https:\/\/www.unidav.it\/index.php\/wp-json\/wp\/v2\/users\/9"}],"replies":[{"embeddable":true,"href":"https:\/\/www.unidav.it\/index.php\/wp-json\/wp\/v2\/comments?post=30865"}],"version-history":[{"count":0,"href":"https:\/\/www.unidav.it\/index.php\/wp-json\/wp\/v2\/posts\/30865\/revisions"}],"wp:featuredmedia":[{"embeddable":true,"href":"https:\/\/www.unidav.it\/index.php\/wp-json\/wp\/v2\/media\/25219"}],"wp:attachment":[{"href":"https:\/\/www.unidav.it\/index.php\/wp-json\/wp\/v2\/media?parent=30865"}],"wp:term":[{"taxonomy":"category","embeddable":true,"href":"https:\/\/www.unidav.it\/index.php\/wp-json\/wp\/v2\/categories?post=30865"},{"taxonomy":"post_tag","embeddable":true,"href":"https:\/\/www.unidav.it\/index.php\/wp-json\/wp\/v2\/tags?post=30865"}],"curies":[{"name":"wp","href":"https:\/\/api.w.org\/{rel}","templated":true}]}}