{"id":15915,"date":"2019-09-20T19:39:58","date_gmt":"2019-09-20T17:39:58","guid":{"rendered":"http:\/\/offertaformativa.unidav.it\/?p=15915"},"modified":"2022-02-24T17:05:42","modified_gmt":"2022-02-24T16:05:42","slug":"esiste-il-diritto-alla-disconnessioneseminario-di-approfondimento-a-cura-delluniversita-telematica-leonardo-da-vinci","status":"publish","type":"post","link":"https:\/\/www.unidav.it\/index.php\/news\/news-sito\/esiste-il-diritto-alla-disconnessioneseminario-di-approfondimento-a-cura-delluniversita-telematica-leonardo-da-vinci\/","title":{"rendered":"ATENEO<BR>Esiste il diritto alla disconnessione?<br>Seminario di approfondimento a cura dell\u2019Universit\u00e0 Telematica Leonardo da Vinci"},"content":{"rendered":"<p><span style=\"font-size: 14pt; color: #000000;\">Venerd\u00ec 27 settembre 2019 alle ore 20:00<\/span><\/p>\n<p><span style=\"font-size: 14pt; color: #000000;\">Palazzo dei Veneziani \u2013 Larghetto Teatro Vecchio (Corso Marrucino) \u2013 Chieti<\/span><\/p>\n<p style=\"text-align: justify;\"><span style=\"color: #000000;\"><em>\u00c8 inutile negarlo: le innovazioni tecnologiche stanno trasformando la nostra vita e, ovviamente, anche il mondo del lavoro. Ormai siamo connessi H24 e la linea di separazione tra sfera professionale e personale \u00e8 sempre pi\u00f9 sottile. Come evitare lo stress da iperconnessione, che colpisce sempre pi\u00f9 lavoratori? Quali sono le regole e le tutele per \u201cstaccare la spina\u201d dal lavoro fuori dall\u2019orario di servizio?<\/em><\/span><\/p>\n<p style=\"text-align: left;\"><span style=\"font-size: 18pt; color: #000000;\"><strong>Uno sguardo alla normativa italiana ed europea, alla ricerca di un equilibrio tra tecnologia, lavoro e vita privata<\/strong><\/span><\/p>\n<p><span style=\"color: #000000;\">A cora della prof.ssa Marianna Russo<\/span><br \/>\n<span style=\"color: #000000;\">Ricercatrice di Diritto del Lavoro<\/span><br \/>\n<span style=\"color: #000000;\">Universit\u00e0 Telematica \u201cLeonardo da Vinci\u201d<\/span><\/p>\n<p><img decoding=\"async\" class=\"size-full wp-image-15916 aligncenter\" src=\"https:\/\/www.unidav.it\/wp-content\/uploads\/SEM_2019-09-20_Loc_RUSSO.jpg\" alt=\"\" width=\"763\" height=\"1080\" srcset=\"https:\/\/www.unidav.it\/wp-content\/uploads\/SEM_2019-09-20_Loc_RUSSO.jpg 763w, https:\/\/www.unidav.it\/wp-content\/uploads\/SEM_2019-09-20_Loc_RUSSO-212x300.jpg 212w, https:\/\/www.unidav.it\/wp-content\/uploads\/SEM_2019-09-20_Loc_RUSSO-723x1024.jpg 723w, https:\/\/www.unidav.it\/wp-content\/uploads\/SEM_2019-09-20_Loc_RUSSO-106x150.jpg 106w\" sizes=\"(max-width: 763px) 100vw, 763px\" \/><\/p>\n<p>&nbsp;<\/p>\n<p style=\"text-align: justify;\"><span style=\"color: #000000;\">In occasione della Notte dei Ricercatori 2019, che animer\u00e0 il centro di Chieti dal pomeriggio alla tarda serata di venerd\u00ec 27 settembre, l\u2019Universit\u00e0 Telematica \u201cLeonardo da Vinci\u201d, campus on-line dell\u2019Universit\u00e0 \u201cGabriele d\u2019Annunzio\u201d di Chieti-Pescara, inaugurer\u00e0 la nuova sede, sita in pieno Corso Marrucino, presso il Palazzo dei Veneziani, con un seminario di approfondimento su un tema di grandissima attualit\u00e0: \u201cEsiste il diritto alla disconnessione?\u201d.<\/span><\/p>\n<p style=\"text-align: justify;\"><span style=\"color: #000000;\">\u00c8 inutile negarlo: le innovazioni tecnologiche stanno trasformando la nostra vita e, ovviamente, anche il modo di lavorare.<\/span><\/p>\n<p style=\"text-align: justify;\"><span style=\"color: #000000;\">Numerosi sono i vantaggi offerti dalla digitalizzazione \u2013 dalla promozione di nuovi settori e figure professionali all\u2019introduzione di utili strumenti di conciliazione vita-lavoro \u2013 ma non si possono trascurare le criticit\u00e0, tra cui spicca lo stress da iperconnessione, da cui sono colpiti sempre pi\u00f9 lavoratori.<\/span><\/p>\n<p style=\"text-align: justify;\"><span style=\"color: #000000;\">Quali sono le tutele offerte dall\u2019ordinamento giuridico per \u201cstaccare la spina\u201d dal lavoro fuori dall\u2019orario di servizio?<\/span><\/p>\n<p style=\"text-align: justify;\"><span style=\"color: #000000;\">Il Codice del Lavoro francese e la legge spagnola sulla protezione dei dati personali hanno introdotto il \u201cdiritto alla disconnessione\u201d per i lavoratori: qual \u00e8 lo stato dell\u2019arte in Italia?<\/span><\/p>\n<p style=\"text-align: justify;\"><span style=\"color: #000000;\">La dott.ssa Marianna Russo, ricercatrice Unidav, risponder\u00e0 ai tanti interrogativi sollevati da questa nuova sfida del diritto del lavoro, condividendo con il pubblico teatino i risultati della ricerca presentata a luglio scorso all\u2019Organizzazione Internazionale del Lavoro, l\u2019Agenzia delle Nazioni Unite che si occupa di promuovere il lavoro dignitoso e produttivo.<\/span><\/p>\n<p>&nbsp;<\/p>\n","protected":false},"excerpt":{"rendered":"<p>Venerd\u00ec 27 settembre 2019 alle ore 20:00 Palazzo dei Veneziani \u2013 Larghetto Teatro Vecchio (Corso Marrucino) \u2013 Chieti \u00c8 inutile [&hellip;]<\/p>\n","protected":false},"author":1,"featured_media":15918,"comment_status":"closed","ping_status":"open","sticky":false,"template":"","format":"standard","meta":{"footnotes":"","_links_to":"","_links_to_target":""},"categories":[147,146],"tags":[],"class_list":["post-15915","post","type-post","status-publish","format-standard","has-post-thumbnail","hentry","category-convegni","category-news-sito"],"yoast_head":"<!-- This site is optimized with the Yoast SEO plugin v26.7 - https:\/\/yoast.com\/wordpress\/plugins\/seo\/ -->\r\n<title>ATENEOEsiste il diritto alla disconnessione?Seminario di approfondimento a cura dell\u2019Universit\u00e0 Telematica Leonardo da Vinci - Unidav.it<\/title>\r\n<meta name=\"robots\" content=\"index, follow, max-snippet:-1, max-image-preview:large, max-video-preview:-1\" \/>\r\n<link rel=\"canonical\" href=\"https:\/\/www.unidav.it\/index.php\/news\/news-sito\/esiste-il-diritto-alla-disconnessioneseminario-di-approfondimento-a-cura-delluniversita-telematica-leonardo-da-vinci\/\" \/>\r\n<meta property=\"og:locale\" content=\"it_IT\" \/>\r\n<meta property=\"og:type\" content=\"article\" \/>\r\n<meta property=\"og:title\" content=\"ATENEOEsiste il diritto alla disconnessione?Seminario di approfondimento a cura dell\u2019Universit\u00e0 Telematica Leonardo da Vinci - Unidav.it\" \/>\r\n<meta property=\"og:description\" content=\"Venerd\u00ec 27 settembre 2019 alle ore 20:00 Palazzo dei Veneziani \u2013 Larghetto Teatro Vecchio (Corso Marrucino) \u2013 Chieti \u00c8 inutile [&hellip;]\" \/>\r\n<meta property=\"og:url\" content=\"https:\/\/www.unidav.it\/index.php\/news\/news-sito\/esiste-il-diritto-alla-disconnessioneseminario-di-approfondimento-a-cura-delluniversita-telematica-leonardo-da-vinci\/\" \/>\r\n<meta property=\"og:site_name\" content=\"Unidav.it\" \/>\r\n<meta property=\"article:publisher\" content=\"https:\/\/www.facebook.com\/unidav.it\/\" \/>\r\n<meta property=\"article:published_time\" content=\"2019-09-20T17:39:58+00:00\" \/>\r\n<meta property=\"article:modified_time\" content=\"2022-02-24T16:05:42+00:00\" \/>\r\n<meta property=\"og:image\" content=\"https:\/\/www.unidav.it\/wp-content\/uploads\/SEM_2019-09-20_Loc_RUSSO_2.jpg\" \/>\r\n\t<meta property=\"og:image:width\" content=\"763\" \/>\r\n\t<meta property=\"og:image:height\" content=\"429\" \/>\r\n\t<meta property=\"og:image:type\" content=\"image\/jpeg\" \/>\r\n<meta name=\"author\" content=\"unidav2020\" \/>\r\n<meta name=\"twitter:card\" content=\"summary_large_image\" \/>\r\n<meta name=\"twitter:label1\" content=\"Scritto da\" \/>\n\t<meta name=\"twitter:data1\" content=\"unidav2020\" \/>\n\t<meta name=\"twitter:label2\" content=\"Tempo di lettura stimato\" \/>\n\t<meta name=\"twitter:data2\" content=\"2 minuti\" \/>\r\n<script type=\"application\/ld+json\" class=\"yoast-schema-graph\">{\"@context\":\"https:\/\/schema.org\",\"@graph\":[{\"@type\":\"Article\",\"@id\":\"https:\/\/www.unidav.it\/index.php\/news\/news-sito\/esiste-il-diritto-alla-disconnessioneseminario-di-approfondimento-a-cura-delluniversita-telematica-leonardo-da-vinci\/#article\",\"isPartOf\":{\"@id\":\"https:\/\/www.unidav.it\/index.php\/news\/news-sito\/esiste-il-diritto-alla-disconnessioneseminario-di-approfondimento-a-cura-delluniversita-telematica-leonardo-da-vinci\/\"},\"author\":{\"name\":\"unidav2020\",\"@id\":\"https:\/\/www.unidav.it\/#\/schema\/person\/02a08f973e6012edaebb6d5a177629d7\"},\"headline\":\"ATENEO Esiste il diritto alla disconnessione? Seminario di approfondimento a cura dell\u2019Universit\u00e0 Telematica Leonardo da Vinci\",\"datePublished\":\"2019-09-20T17:39:58+00:00\",\"dateModified\":\"2022-02-24T16:05:42+00:00\",\"mainEntityOfPage\":{\"@id\":\"https:\/\/www.unidav.it\/index.php\/news\/news-sito\/esiste-il-diritto-alla-disconnessioneseminario-di-approfondimento-a-cura-delluniversita-telematica-leonardo-da-vinci\/\"},\"wordCount\":357,\"image\":{\"@id\":\"https:\/\/www.unidav.it\/index.php\/news\/news-sito\/esiste-il-diritto-alla-disconnessioneseminario-di-approfondimento-a-cura-delluniversita-telematica-leonardo-da-vinci\/#primaryimage\"},\"thumbnailUrl\":\"https:\/\/www.unidav.it\/wp-content\/uploads\/SEM_2019-09-20_Loc_RUSSO_2.jpg\",\"articleSection\":[\"Convegni\",\"News - Sito\"],\"inLanguage\":\"it-IT\"},{\"@type\":\"WebPage\",\"@id\":\"https:\/\/www.unidav.it\/index.php\/news\/news-sito\/esiste-il-diritto-alla-disconnessioneseminario-di-approfondimento-a-cura-delluniversita-telematica-leonardo-da-vinci\/\",\"url\":\"https:\/\/www.unidav.it\/index.php\/news\/news-sito\/esiste-il-diritto-alla-disconnessioneseminario-di-approfondimento-a-cura-delluniversita-telematica-leonardo-da-vinci\/\",\"name\":\"ATENEO Esiste il diritto alla disconnessione? Seminario di approfondimento a cura dell\u2019Universit\u00e0 Telematica Leonardo da Vinci - Unidav.it\",\"isPartOf\":{\"@id\":\"https:\/\/www.unidav.it\/#website\"},\"primaryImageOfPage\":{\"@id\":\"https:\/\/www.unidav.it\/index.php\/news\/news-sito\/esiste-il-diritto-alla-disconnessioneseminario-di-approfondimento-a-cura-delluniversita-telematica-leonardo-da-vinci\/#primaryimage\"},\"image\":{\"@id\":\"https:\/\/www.unidav.it\/index.php\/news\/news-sito\/esiste-il-diritto-alla-disconnessioneseminario-di-approfondimento-a-cura-delluniversita-telematica-leonardo-da-vinci\/#primaryimage\"},\"thumbnailUrl\":\"https:\/\/www.unidav.it\/wp-content\/uploads\/SEM_2019-09-20_Loc_RUSSO_2.jpg\",\"datePublished\":\"2019-09-20T17:39:58+00:00\",\"dateModified\":\"2022-02-24T16:05:42+00:00\",\"author\":{\"@id\":\"https:\/\/www.unidav.it\/#\/schema\/person\/02a08f973e6012edaebb6d5a177629d7\"},\"breadcrumb\":{\"@id\":\"https:\/\/www.unidav.it\/index.php\/news\/news-sito\/esiste-il-diritto-alla-disconnessioneseminario-di-approfondimento-a-cura-delluniversita-telematica-leonardo-da-vinci\/#breadcrumb\"},\"inLanguage\":\"it-IT\",\"potentialAction\":[{\"@type\":\"ReadAction\",\"target\":[\"https:\/\/www.unidav.it\/index.php\/news\/news-sito\/esiste-il-diritto-alla-disconnessioneseminario-di-approfondimento-a-cura-delluniversita-telematica-leonardo-da-vinci\/\"]}]},{\"@type\":\"ImageObject\",\"inLanguage\":\"it-IT\",\"@id\":\"https:\/\/www.unidav.it\/index.php\/news\/news-sito\/esiste-il-diritto-alla-disconnessioneseminario-di-approfondimento-a-cura-delluniversita-telematica-leonardo-da-vinci\/#primaryimage\",\"url\":\"https:\/\/www.unidav.it\/wp-content\/uploads\/SEM_2019-09-20_Loc_RUSSO_2.jpg\",\"contentUrl\":\"https:\/\/www.unidav.it\/wp-content\/uploads\/SEM_2019-09-20_Loc_RUSSO_2.jpg\",\"width\":763,\"height\":429},{\"@type\":\"BreadcrumbList\",\"@id\":\"https:\/\/www.unidav.it\/index.php\/news\/news-sito\/esiste-il-diritto-alla-disconnessioneseminario-di-approfondimento-a-cura-delluniversita-telematica-leonardo-da-vinci\/#breadcrumb\",\"itemListElement\":[{\"@type\":\"ListItem\",\"position\":1,\"name\":\"Home\",\"item\":\"https:\/\/www.unidav.it\/\"},{\"@type\":\"ListItem\",\"position\":2,\"name\":\"ATENEOEsiste il diritto alla disconnessione?Seminario di approfondimento a cura dell\u2019Universit\u00e0 Telematica Leonardo da Vinci\"}]},{\"@type\":\"WebSite\",\"@id\":\"https:\/\/www.unidav.it\/#website\",\"url\":\"https:\/\/www.unidav.it\/\",\"name\":\"Unidav.it\",\"description\":\"Universit\u00e0 Digitale Leonardo da Vinci\",\"potentialAction\":[{\"@type\":\"SearchAction\",\"target\":{\"@type\":\"EntryPoint\",\"urlTemplate\":\"https:\/\/www.unidav.it\/?s={search_term_string}\"},\"query-input\":{\"@type\":\"PropertyValueSpecification\",\"valueRequired\":true,\"valueName\":\"search_term_string\"}}],\"inLanguage\":\"it-IT\"},{\"@type\":\"Person\",\"@id\":\"https:\/\/www.unidav.it\/#\/schema\/person\/02a08f973e6012edaebb6d5a177629d7\",\"name\":\"unidav2020\",\"image\":{\"@type\":\"ImageObject\",\"inLanguage\":\"it-IT\",\"@id\":\"https:\/\/www.unidav.it\/#\/schema\/person\/image\/\",\"url\":\"https:\/\/secure.gravatar.com\/avatar\/a3bc575d9663c0f59ab0091a517aba36e29d17e002bb3aef145283bbc2542d26?s=96&d=mm&r=g\",\"contentUrl\":\"https:\/\/secure.gravatar.com\/avatar\/a3bc575d9663c0f59ab0091a517aba36e29d17e002bb3aef145283bbc2542d26?s=96&d=mm&r=g\",\"caption\":\"unidav2020\"},\"url\":\"https:\/\/www.unidav.it\/index.php\/author\/unidav_2021\/\"}]}<\/script>\r\n<!-- \/ Yoast SEO plugin. -->","yoast_head_json":{"title":"ATENEOEsiste il diritto alla disconnessione?Seminario di approfondimento a cura dell\u2019Universit\u00e0 Telematica Leonardo da Vinci - Unidav.it","robots":{"index":"index","follow":"follow","max-snippet":"max-snippet:-1","max-image-preview":"max-image-preview:large","max-video-preview":"max-video-preview:-1"},"canonical":"https:\/\/www.unidav.it\/index.php\/news\/news-sito\/esiste-il-diritto-alla-disconnessioneseminario-di-approfondimento-a-cura-delluniversita-telematica-leonardo-da-vinci\/","og_locale":"it_IT","og_type":"article","og_title":"ATENEOEsiste il diritto alla disconnessione?Seminario di approfondimento a cura dell\u2019Universit\u00e0 Telematica Leonardo da Vinci - Unidav.it","og_description":"Venerd\u00ec 27 settembre 2019 alle ore 20:00 Palazzo dei Veneziani \u2013 Larghetto Teatro Vecchio (Corso Marrucino) \u2013 Chieti \u00c8 inutile [&hellip;]","og_url":"https:\/\/www.unidav.it\/index.php\/news\/news-sito\/esiste-il-diritto-alla-disconnessioneseminario-di-approfondimento-a-cura-delluniversita-telematica-leonardo-da-vinci\/","og_site_name":"Unidav.it","article_publisher":"https:\/\/www.facebook.com\/unidav.it\/","article_published_time":"2019-09-20T17:39:58+00:00","article_modified_time":"2022-02-24T16:05:42+00:00","og_image":[{"width":763,"height":429,"url":"https:\/\/www.unidav.it\/wp-content\/uploads\/SEM_2019-09-20_Loc_RUSSO_2.jpg","type":"image\/jpeg"}],"author":"unidav2020","twitter_card":"summary_large_image","twitter_misc":{"Scritto da":"unidav2020","Tempo di lettura stimato":"2 minuti"},"schema":{"@context":"https:\/\/schema.org","@graph":[{"@type":"Article","@id":"https:\/\/www.unidav.it\/index.php\/news\/news-sito\/esiste-il-diritto-alla-disconnessioneseminario-di-approfondimento-a-cura-delluniversita-telematica-leonardo-da-vinci\/#article","isPartOf":{"@id":"https:\/\/www.unidav.it\/index.php\/news\/news-sito\/esiste-il-diritto-alla-disconnessioneseminario-di-approfondimento-a-cura-delluniversita-telematica-leonardo-da-vinci\/"},"author":{"name":"unidav2020","@id":"https:\/\/www.unidav.it\/#\/schema\/person\/02a08f973e6012edaebb6d5a177629d7"},"headline":"ATENEO Esiste il diritto alla disconnessione? Seminario di approfondimento a cura dell\u2019Universit\u00e0 Telematica Leonardo da Vinci","datePublished":"2019-09-20T17:39:58+00:00","dateModified":"2022-02-24T16:05:42+00:00","mainEntityOfPage":{"@id":"https:\/\/www.unidav.it\/index.php\/news\/news-sito\/esiste-il-diritto-alla-disconnessioneseminario-di-approfondimento-a-cura-delluniversita-telematica-leonardo-da-vinci\/"},"wordCount":357,"image":{"@id":"https:\/\/www.unidav.it\/index.php\/news\/news-sito\/esiste-il-diritto-alla-disconnessioneseminario-di-approfondimento-a-cura-delluniversita-telematica-leonardo-da-vinci\/#primaryimage"},"thumbnailUrl":"https:\/\/www.unidav.it\/wp-content\/uploads\/SEM_2019-09-20_Loc_RUSSO_2.jpg","articleSection":["Convegni","News - Sito"],"inLanguage":"it-IT"},{"@type":"WebPage","@id":"https:\/\/www.unidav.it\/index.php\/news\/news-sito\/esiste-il-diritto-alla-disconnessioneseminario-di-approfondimento-a-cura-delluniversita-telematica-leonardo-da-vinci\/","url":"https:\/\/www.unidav.it\/index.php\/news\/news-sito\/esiste-il-diritto-alla-disconnessioneseminario-di-approfondimento-a-cura-delluniversita-telematica-leonardo-da-vinci\/","name":"ATENEO Esiste il diritto alla disconnessione? Seminario di approfondimento a cura dell\u2019Universit\u00e0 Telematica Leonardo da Vinci - Unidav.it","isPartOf":{"@id":"https:\/\/www.unidav.it\/#website"},"primaryImageOfPage":{"@id":"https:\/\/www.unidav.it\/index.php\/news\/news-sito\/esiste-il-diritto-alla-disconnessioneseminario-di-approfondimento-a-cura-delluniversita-telematica-leonardo-da-vinci\/#primaryimage"},"image":{"@id":"https:\/\/www.unidav.it\/index.php\/news\/news-sito\/esiste-il-diritto-alla-disconnessioneseminario-di-approfondimento-a-cura-delluniversita-telematica-leonardo-da-vinci\/#primaryimage"},"thumbnailUrl":"https:\/\/www.unidav.it\/wp-content\/uploads\/SEM_2019-09-20_Loc_RUSSO_2.jpg","datePublished":"2019-09-20T17:39:58+00:00","dateModified":"2022-02-24T16:05:42+00:00","author":{"@id":"https:\/\/www.unidav.it\/#\/schema\/person\/02a08f973e6012edaebb6d5a177629d7"},"breadcrumb":{"@id":"https:\/\/www.unidav.it\/index.php\/news\/news-sito\/esiste-il-diritto-alla-disconnessioneseminario-di-approfondimento-a-cura-delluniversita-telematica-leonardo-da-vinci\/#breadcrumb"},"inLanguage":"it-IT","potentialAction":[{"@type":"ReadAction","target":["https:\/\/www.unidav.it\/index.php\/news\/news-sito\/esiste-il-diritto-alla-disconnessioneseminario-di-approfondimento-a-cura-delluniversita-telematica-leonardo-da-vinci\/"]}]},{"@type":"ImageObject","inLanguage":"it-IT","@id":"https:\/\/www.unidav.it\/index.php\/news\/news-sito\/esiste-il-diritto-alla-disconnessioneseminario-di-approfondimento-a-cura-delluniversita-telematica-leonardo-da-vinci\/#primaryimage","url":"https:\/\/www.unidav.it\/wp-content\/uploads\/SEM_2019-09-20_Loc_RUSSO_2.jpg","contentUrl":"https:\/\/www.unidav.it\/wp-content\/uploads\/SEM_2019-09-20_Loc_RUSSO_2.jpg","width":763,"height":429},{"@type":"BreadcrumbList","@id":"https:\/\/www.unidav.it\/index.php\/news\/news-sito\/esiste-il-diritto-alla-disconnessioneseminario-di-approfondimento-a-cura-delluniversita-telematica-leonardo-da-vinci\/#breadcrumb","itemListElement":[{"@type":"ListItem","position":1,"name":"Home","item":"https:\/\/www.unidav.it\/"},{"@type":"ListItem","position":2,"name":"ATENEOEsiste il diritto alla disconnessione?Seminario di approfondimento a cura dell\u2019Universit\u00e0 Telematica Leonardo da Vinci"}]},{"@type":"WebSite","@id":"https:\/\/www.unidav.it\/#website","url":"https:\/\/www.unidav.it\/","name":"Unidav.it","description":"Universit\u00e0 Digitale Leonardo da Vinci","potentialAction":[{"@type":"SearchAction","target":{"@type":"EntryPoint","urlTemplate":"https:\/\/www.unidav.it\/?s={search_term_string}"},"query-input":{"@type":"PropertyValueSpecification","valueRequired":true,"valueName":"search_term_string"}}],"inLanguage":"it-IT"},{"@type":"Person","@id":"https:\/\/www.unidav.it\/#\/schema\/person\/02a08f973e6012edaebb6d5a177629d7","name":"unidav2020","image":{"@type":"ImageObject","inLanguage":"it-IT","@id":"https:\/\/www.unidav.it\/#\/schema\/person\/image\/","url":"https:\/\/secure.gravatar.com\/avatar\/a3bc575d9663c0f59ab0091a517aba36e29d17e002bb3aef145283bbc2542d26?s=96&d=mm&r=g","contentUrl":"https:\/\/secure.gravatar.com\/avatar\/a3bc575d9663c0f59ab0091a517aba36e29d17e002bb3aef145283bbc2542d26?s=96&d=mm&r=g","caption":"unidav2020"},"url":"https:\/\/www.unidav.it\/index.php\/author\/unidav_2021\/"}]}},"_links":{"self":[{"href":"https:\/\/www.unidav.it\/index.php\/wp-json\/wp\/v2\/posts\/15915","targetHints":{"allow":["GET"]}}],"collection":[{"href":"https:\/\/www.unidav.it\/index.php\/wp-json\/wp\/v2\/posts"}],"about":[{"href":"https:\/\/www.unidav.it\/index.php\/wp-json\/wp\/v2\/types\/post"}],"author":[{"embeddable":true,"href":"https:\/\/www.unidav.it\/index.php\/wp-json\/wp\/v2\/users\/1"}],"replies":[{"embeddable":true,"href":"https:\/\/www.unidav.it\/index.php\/wp-json\/wp\/v2\/comments?post=15915"}],"version-history":[{"count":0,"href":"https:\/\/www.unidav.it\/index.php\/wp-json\/wp\/v2\/posts\/15915\/revisions"}],"wp:featuredmedia":[{"embeddable":true,"href":"https:\/\/www.unidav.it\/index.php\/wp-json\/wp\/v2\/media\/15918"}],"wp:attachment":[{"href":"https:\/\/www.unidav.it\/index.php\/wp-json\/wp\/v2\/media?parent=15915"}],"wp:term":[{"taxonomy":"category","embeddable":true,"href":"https:\/\/www.unidav.it\/index.php\/wp-json\/wp\/v2\/categories?post=15915"},{"taxonomy":"post_tag","embeddable":true,"href":"https:\/\/www.unidav.it\/index.php\/wp-json\/wp\/v2\/tags?post=15915"}],"curies":[{"name":"wp","href":"https:\/\/api.w.org\/{rel}","templated":true}]}}